{"id":286,"date":"2018-04-28T10:15:54","date_gmt":"2018-04-28T10:15:54","guid":{"rendered":"http:\/\/www.mydentalmexico.com\/?p=286"},"modified":"2018-04-28T10:15:54","modified_gmt":"2018-04-28T10:15:54","slug":"tratamientos-de-ortodoncia-la-importancia-de-la-retencion-tras-la-ortodoncia","status":"publish","type":"post","link":"https:\/\/www.mydentalmexico.com\/index.php\/2018\/04\/28\/tratamientos-de-ortodoncia-la-importancia-de-la-retencion-tras-la-ortodoncia\/","title":{"rendered":"Tratamientos de Ortodoncia &#8211; La importancia de la retenci\u00f3n tras la ortodoncia"},"content":{"rendered":"<p>Hoy en d\u00eda, un 20% de los tratamientos de ortodoncia que realizo en nuestra cl\u00ednica dental de Sevilla, son tristemente \u201cretratamientos de ortodoncia\u201d por no haber llevado la retenci\u00f3n pertinente. Muchos de los pacientes me dicen que les dijeron que s\u00f3lo lo ten\u00edan que llevar un a\u00f1o, otros que perdieron los retenedores, o simplemente me dicen que no les apetec\u00eda llevarlos.<\/p>\n<p><img decoding=\"async\" src=\"http:\/\/www.clinicadentalgarcelan.com\/wp-content\/uploads\/2014\/03\/f%C3%A9rula-termopl%C3%A1stica_mini-600x431.jpg\" alt=\"ferula termoplastica tras ortodoncia, La retenci\u00f3n en la ortodoncia, ortodoncia en sevilla\" \/><br \/>\nVoy a intentar explicar de la forma m\u00e1s clara posible en qu\u00e9 consiste la retenci\u00f3n ortod\u00f3ncica y la importancia de la retenci\u00f3n tras la ortodoncia. Si hay algo que no entend\u00e9is no dud\u00e9is en preguntarme que resolver\u00e9 gustosamente todas vuestras dudas.<\/p>\n<p>Tras muchos a\u00f1os de dedicaci\u00f3n a la<strong>\u00a0ortodoncia<\/strong>\u00a0he confeccionado un protocolo muy sencillo, con el cual he minimizado al m\u00ednimo los problemas de\u00a0<strong>retenci\u00f3n tras la ortodoncia<\/strong>:<\/p>\n<ul>\n<li>Si la<strong>\u00a0retenci\u00f3n<\/strong>\u00a0est\u00e1 formada por aparatos de \u201cquita y pon\u201d sigo este protocolo:\n<ul>\n<li>Hasta el mes 4\u00ba, s\u00f3lo quit\u00e1rsela para comer<\/li>\n<li>5\u00ba y 6\u00ba mes, tenerla quitada 4 horas al d\u00eda<\/li>\n<li>7\u00ba , 8\u00ba y 9\u00ba mes, ir aumentando gradualmente hasta las 6 horas al d\u00eda<\/li>\n<li>9\u00ba al 12\u00ba mes, ir aumentando gradualmente hasta las 12horas al d\u00eda sin ella<\/li>\n<li>Una vez cumplido el a\u00f1o con la\u00a0<strong>retenci\u00f3n,<\/strong>\u00a0dejarla s\u00f3lo para dormir hasta el segundo a\u00f1o<\/li>\n<li>A partir del tercer a\u00f1o podemos empezar a pon\u00e9rnosla noches alternas.<\/li>\n<li>Si en alg\u00fan momento notamos que el\u00a0<strong>retenedor<\/strong>\u00a0nos aprieta en alg\u00fan lugar reci\u00e9n puesto, tenemos que ir m\u00e1s lento<\/li>\n<\/ul>\n<\/li>\n<li>Si la\u00a0<strong>retenci\u00f3n<\/strong>\u00a0es fija:\n<ul>\n<li>De lo \u00fanico que nos tenemos que preocupar es de tener una correcta higiene, y de hacernos una revisi\u00f3n y tartrectom\u00eda cada 6 meses<\/li>\n<li>Es importante avisar a nuestro ortodoncista si notamos algo raro en nuestro\u00a0<strong>retenedor<\/strong>, ya que puede haberse fracturado perdiendo su efectividad<\/li>\n<\/ul>\n<\/li>\n<\/ul>\n<p>Aunque cada persona es diferente, normalmente una vez terminado el tratamiento, suelo poner un\u00a0<strong>retenedor fijo<\/strong>\u00a0en la arcada inferior (barra ling\u00fcal), y una f\u00e9rula de mantenimiento en los dientes superiores como pod\u00e9is observar en \u00a0estas \u00a0im\u00e1genes.<\/p>\n<p>See more:<a href=\"https:\/\/www.colgate.com\/es-mx\/oral-health\/life-stages\/teen-oral-care\/what-is-orthodontics\">https:\/\/www.colgate.com\/es-mx\/oral-health\/life-stages\/teen-oral-care\/what-is-orthodontics<\/a><\/p>\n","protected":false},"excerpt":{"rendered":"<p>Hoy en d\u00eda, un 20% de los tratamientos de ortodoncia que realizo en nuestra cl\u00ednica dental de Sevilla, son tristemente \u201cretratamientos de ortodoncia\u201d por no haber llevado la retenci\u00f3n pertinente. Muchos de los pacientes me dicen que les dijeron que s\u00f3lo lo ten\u00edan que llevar un a\u00f1o, otros que perdieron los retenedores, o simplemente me [&hellip;]<\/p>\n","protected":false},"author":1,"featured_media":0,"comment_status":"closed","ping_status":"closed","sticky":false,"template":"","format":"standard","meta":{"footnotes":""},"categories":[14],"tags":[],"class_list":["post-286","post","type-post","status-publish","format-standard","hentry","category-ortodoncia"],"_links":{"self":[{"href":"https:\/\/www.mydentalmexico.com\/index.php\/wp-json\/wp\/v2\/posts\/286","targetHints":{"allow":["GET"]}}],"collection":[{"href":"https:\/\/www.mydentalmexico.com\/index.php\/wp-json\/wp\/v2\/posts"}],"about":[{"href":"https:\/\/www.mydentalmexico.com\/index.php\/wp-json\/wp\/v2\/types\/post"}],"author":[{"embeddable":true,"href":"https:\/\/www.mydentalmexico.com\/index.php\/wp-json\/wp\/v2\/users\/1"}],"replies":[{"embeddable":true,"href":"https:\/\/www.mydentalmexico.com\/index.php\/wp-json\/wp\/v2\/comments?post=286"}],"version-history":[{"count":1,"href":"https:\/\/www.mydentalmexico.com\/index.php\/wp-json\/wp\/v2\/posts\/286\/revisions"}],"predecessor-version":[{"id":287,"href":"https:\/\/www.mydentalmexico.com\/index.php\/wp-json\/wp\/v2\/posts\/286\/revisions\/287"}],"wp:attachment":[{"href":"https:\/\/www.mydentalmexico.com\/index.php\/wp-json\/wp\/v2\/media?parent=286"}],"wp:term":[{"taxonomy":"category","embeddable":true,"href":"https:\/\/www.mydentalmexico.com\/index.php\/wp-json\/wp\/v2\/categories?post=286"},{"taxonomy":"post_tag","embeddable":true,"href":"https:\/\/www.mydentalmexico.com\/index.php\/wp-json\/wp\/v2\/tags?post=286"}],"curies":[{"name":"wp","href":"https:\/\/api.w.org\/{rel}","templated":true}]}}